{"id":7234,"date":"2022-04-07T23:59:12","date_gmt":"2022-04-07T21:59:12","guid":{"rendered":"https:\/\/www.chliebpreukrajinu.sk\/en\/?p=7234"},"modified":"2022-04-08T00:02:15","modified_gmt":"2022-04-07T22:02:15","slug":"henrich-burdiga-v-kosiciach-ubytoval-aj-zenu-ktora-vyrastala-s-prezidentom-zelenskym","status":"publish","type":"post","link":"https:\/\/www.chliebpreukrajinu.sk\/en\/henrich-burdiga-v-kosiciach-ubytoval-aj-zenu-ktora-vyrastala-s-prezidentom-zelenskym\/","title":{"rendered":"Henrich Burdiga v Ko\u0161iciach ubytoval aj \u017eenu, ktor\u00e1 vyrastala s prezidentom Zelenskym"},"content":{"rendered":"<p><strong>Od za\u010diatku konfliktu na Ukrajine pri\u0161lo do Ko\u0161\u00edc ve\u013ek\u00e9 mno\u017estvo ute\u010dencov, ktor\u00ed potrebovali pom\u00f4c\u0165 aj s ubytovan\u00edm. Medzi \u013eu\u010fmi, ktor\u00ed sa rozhodli pom\u00f4c\u0165 je aj majite\u013e pek\u00e1rne UNI, Ko\u0161ice Henrich Burdiga, ktor\u00fd ubytoval u\u017e nieko\u013eko rod\u00edn a ute\u010dencov.<\/strong><\/p>\n\n\n\n<p>Majite\u013e pek\u00e1rne UNI pom\u00e1ha ute\u010dencom dlh\u0161iu dobu, pri\u010dom dod\u00e1va pe\u010divo a chlieb na r\u00f4zne miesta. Ubytova\u0165 pomohol vy\u0161e 20 det\u00ed, matiek a seniorov. Presn\u00e9 \u010d\u00edslo u\u017e nevie, ale ute\u010denci poch\u00e1dzaj\u00fa z r\u00f4znych miest z Ukrajiny, napr\u00edklad z Kyjeva, ale aj Donbasu.<\/p>\n\n\n\n<p>Henrichovi Burdigovi v pam\u00e4ti utkvela jedna mlad\u00e1 pani s die\u0165a\u0165om. Poch\u00e1dzali z Dnepropetrovskej oblasti. Tejto mladej mami\u010dke s die\u0165a\u0165om pom\u00e1hali a darovali stravu, \u0161atstvo \u010di hygienick\u00e9 potreby a viackr\u00e1t sa spolu rozpr\u00e1vali. Po\u010das rozhovorov sa dozvedel, \u017ee pani poch\u00e1dza z mesta Kryvyj Rih, v ktorom vyrastal aj ukrajinsk\u00fd prezident Zelenskyj: \u201e<em>Utkvelo mi to v&nbsp;pam\u00e4ti asi preto, \u017ee mi porozpr\u00e1vala ako spolu ako deti vyrastali s&nbsp;Ukrajinsk\u00fdm prezidentom v&nbsp;jednom spolo\u010dnom dvore, \u017ee s\u00fa kamar\u00e1ti. Bolo to mil\u00e9 a&nbsp;p\u00fatav\u00e9, a&nbsp;z\u00e1rove\u0148 v&nbsp;kontexte aktu\u00e1lnej situ\u00e1cie a&nbsp;toho \u010do sa deje na Ukrajine, aj ve\u013emi smutn\u00e9.&nbsp;Svet je proste mal\u00fd.<\/em>\u201e<\/p>\n\n\n\n<p>Matky s de\u0165mi ubytovali vo svojom byte, ale aj v administrat\u00edvnej \u010dasti pek\u00e1rne UNI, ktor\u00fa do\u010dasne upravili tak, aby mali kde spa\u0165, ale aj uvari\u0165 si, opra\u0165 veci a v\u0161etky \u010fal\u0161ie potrebn\u00e9 veci.<\/p>\n\n\n\n<p>Ute\u010dencom, ktor\u00fdch pomohli ubytova\u0165, pon\u00fakaj\u00fa okrem chleba a pe\u010diva aj potraviny, z ktor\u00fdch si m\u00f4\u017eu uvari\u0165 aj tepl\u00fa stravu. Moment\u00e1lne u nich b\u00fdva aj mal\u00e9 8 mesa\u010dn\u00e9 b\u00e1bo a 1,5 ro\u010dn\u00e9 b\u00e1b\u00e4tko. V upraven\u00fdch priestoroch pek\u00e1rne pomohli ubytova\u0165 aj \u010fal\u0161ie deti do 11 rokov. Pon\u00fakli im preto aj potrebn\u00e9 veci pre mal\u00e9 deti a hra\u010dky.\u00a0<em>\u201eTu by som r\u00e1d po\u010fakoval p\u00e1novi Petrov\u010d\u00edkovi z\u00a0SOS Ukrajina 2022, pomohli n\u00e1m ve\u013emi promptne s\u00a0postie\u013ekou a\u00a0\u010fal\u0161ou v\u00fdbavou pre deti. Rovnako ale pomohli zamestnanci na\u0161ej pek\u00e1rne, \u010di viacero na\u0161ich kamar\u00e1tov, ale aj p\u00e1r poslancov mesta, za v\u0161etk\u00fdch spomeniem Laca Strojn\u00e9ho, \u010di Laca L\u00f6rinca a ich man\u017eelky a Roba Schwarcza,<\/em>\u201c uviedol Henrich Burdiga.<\/p>\n\n\n\n<p>Pom\u00e1ha\u0165 rodin\u00e1m aj s ubytovan\u00edm pri\u0161lo tie\u017e spont\u00e1nne. Na za\u010diatku mali \u0165a\u017ekosti aj so zariaden\u00edm \u010di v\u00fdbavou kuchyne. \u201e<em>Vznikaj\u00fa pri tom ale aj \u00fasmevn\u00e9 situ\u00e1cie, napr\u00edklad nesiete chladni\u010dku a\u00a0popod nohy v\u00e1m beh\u00e1 p\u00e4\u0165 det\u00ed, z\u00a0toho jeden je jednoro\u017eec, druh\u00e9 die\u0165a je neidentifikovate\u013en\u00e9 zviera, tretie sa na v\u00e1s usmieva z\u00a0postie\u013eky a\u00a0matky ratuj\u00fa \u010fal\u0161ie dve deti, aby sme vedeli prejs\u0165 a\u00a0posun\u00fa v\u00e1m skateboard, aby sme to nenosili. No a t\u00e1 chladni\u010dka \u0161la na skateboarde naozaj lep\u0161ie<\/em>,\u201c vysvet\u013euje majite\u013e pek\u00e1rne UNI s \u00fasmevom.<\/p>\n\n\n\n<p>Komunik\u00e1cia je niekedy \u0165a\u017e\u0161ia, ale maj\u00fa pek\u00e1rku z&nbsp;Ukrajiny, ktor\u00e1 u&nbsp;nich pracuje p\u00e1r rokov a&nbsp;ve\u013emi im pomohla pr\u00e1ve v&nbsp;\u00favodoch s komunik\u00e1ciou s ute\u010dencami, av\u0161ak pod\u013ea slov Henricha Burdigu, si navz\u00e1jom u\u017e v&nbsp;celku rozumej\u00fa a po p\u00e1r t\u00fd\u017ed\u0148och obe strany pochytili niektor\u00e9 v\u00fdrazy z druh\u00e9ho jazyka.<\/p>\n\n\n\n<p><em>\u201eNajhor\u0161ie na tom celom je, \u017ee zatia\u013e to na koniec vojny nevyzer\u00e1, nevieme \u010do bude, kde sa to bude pos\u00fava\u0165, \u010di pr\u00edde \u010fal\u0161ia vlna ute\u010dencov a&nbsp;t\u00e1 bude pod\u013ea v\u0161etk\u00e9ho mas\u00edvnej\u0161ia. Ute\u010dencov je menej, ale my v&nbsp;pek\u00e1rni nem\u00e1me asi jedin\u00fd de\u0148, \u017ee by n\u00e1m nevolali z&nbsp;KSK hot spotu, \u010di \u010c\u00e9ha\u010dka alebo z&nbsp;\u010fal\u0161\u00edch miest, kde venujeme chlieb a&nbsp;pe\u010divo, \u017ee maj\u00fa \u010fal\u0161\u00edch \u013eud\u00ed \u010do potrebuj\u00fa umiestni\u0165,\u201c<\/em>&nbsp;vysvet\u013euje Henrich Burdiga, ktor\u00fd zalo\u017eil projekt Chlieb pre Ukrajinu, v r\u00e1mci ktor\u00e9ho pre ute\u010dencov rozv\u00e1\u017eaj\u00fa chlieb a pe\u010divo.<\/p>\n\n\n\n<p><em>\u201eAj dnes som tak bol pre 74 ro\u010dn\u00e9ho p\u00e1na na stanici, kardiaka, po tom, \u010do mi volala koordin\u00e1torka, \u017ee ten p\u00e1n sp\u00ed druh\u00fd de\u0148 v\u00a0kontajneri na \u010c\u00e9h\u00e1\u010dku a nem\u00e1 kam \u00eds\u0165. Star\u0161\u00edch \u013eud\u00ed a\u00a0matky s\u00a0ozaj mal\u00fdmi de\u0165mi je umiestni\u0165 podstatne \u0165a\u017e\u0161ie. My ich teda m\u00e1me nieko\u013eko. Aj ten 74 ro\u010dn\u00fd p\u00e1n je ubytovan\u00fd u\u017e u\u00a0n\u00e1s a\u00a0pr\u00e1ve s\u00a0n\u00edm \u0161iel kolega na Cudzineck\u00fa pol\u00edciu pom\u00f4c\u0165 mu s\u00a0registr\u00e1ciou a\u00a0dopravou,\u201c<\/em>\u00a0dod\u00e1va majite\u013e pek\u00e1rne UNI.<\/p>\n\n\n\n<p>Podobn\u00e9 pr\u00edpady v\u0161ak st\u00e1le nekon\u010dia a neust\u00e1le prib\u00fadaj\u00fa \u010fal\u0161ie. Pod\u013ea Burdigov\u00fdch slov nikto netu\u0161\u00ed \u010do bude o t\u00fd\u017ede\u0148 \u010di o mesiac:\u00a0<em>\u201eNikdy som si nemyslel, \u017ee vo svojom \u017eivote niekedy budem tak \u010dasto myslie\u0165 na vojnu a\u00a0pria\u0165 si, aby t\u00e1 \u0161ialen\u00e1 vojna skon\u010dila, a\u00a0aby bol naozaj mier. Ak ste ale s\u00a0t\u00fdmito \u013eu\u010fmi denno-denne u\u017e viac ako mesiac, m\u00e1te to proste pod ko\u017eou, neujdete pred t\u00fdm a\u00a0v\u0161etko okolo toho rie\u0161ite a\u00a0pom\u00e1hate ako sa d\u00e1.\u201c<\/em><\/p>\n\n\n\n<figure class=\"wp-block-image size-large\"><img loading=\"lazy\" width=\"1024\" height=\"151\" src=\"https:\/\/www.chliebpreukrajinu.sk\/wp-content\/uploads\/2022\/04\/up-1024x151.webp\" alt=\"\" class=\"wp-image-7236\" srcset=\"https:\/\/www.chliebpreukrajinu.sk\/wp-content\/uploads\/2022\/04\/up-1024x151.webp 1024w, https:\/\/www.chliebpreukrajinu.sk\/wp-content\/uploads\/2022\/04\/up-300x44.webp 300w, https:\/\/www.chliebpreukrajinu.sk\/wp-content\/uploads\/2022\/04\/up-768x113.webp 768w, https:\/\/www.chliebpreukrajinu.sk\/wp-content\/uploads\/2022\/04\/up-1536x226.webp 1536w, https:\/\/www.chliebpreukrajinu.sk\/wp-content\/uploads\/2022\/04\/up-18x3.webp 18w, https:\/\/www.chliebpreukrajinu.sk\/wp-content\/uploads\/2022\/04\/up-1080x159.webp 1080w, https:\/\/www.chliebpreukrajinu.sk\/wp-content\/uploads\/2022\/04\/up.webp 1900w\" sizes=\"(max-width: 1024px) 100vw, 1024px\" \/><\/figure>\n\n\n\n<p><\/p>","protected":false},"excerpt":{"rendered":"<p>Od za\u010diatku konfliktu na Ukrajine pri\u0161lo do Ko\u0161\u00edc ve\u013ek\u00e9 mno\u017estvo ute\u010dencov, ktor\u00ed potrebovali pom\u00f4c\u0165 aj s ubytovan\u00edm. Medzi \u013eu\u010fmi, ktor\u00ed sa rozhodli pom\u00f4c\u0165 je aj majite\u013e pek\u00e1rne UNI, Ko\u0161ice Henrich Burdiga, ktor\u00fd ubytoval u\u017e nieko\u013eko rod\u00edn a ute\u010dencov. Majite\u013e pek\u00e1rne UNI pom\u00e1ha ute\u010dencom dlh\u0161iu dobu, pri\u010dom dod\u00e1va pe\u010divo a chlieb na r\u00f4zne miesta. Ubytova\u0165 pomohol [&hellip;]<\/p>","protected":false},"author":1,"featured_media":7235,"comment_status":"closed","ping_status":"open","sticky":true,"template":"","format":"standard","meta":[],"categories":[64],"tags":[],"_links":{"self":[{"href":"https:\/\/www.chliebpreukrajinu.sk\/en\/wp-json\/wp\/v2\/posts\/7234"}],"collection":[{"href":"https:\/\/www.chliebpreukrajinu.sk\/en\/wp-json\/wp\/v2\/posts"}],"about":[{"href":"https:\/\/www.chliebpreukrajinu.sk\/en\/wp-json\/wp\/v2\/types\/post"}],"author":[{"embeddable":true,"href":"https:\/\/www.chliebpreukrajinu.sk\/en\/wp-json\/wp\/v2\/users\/1"}],"replies":[{"embeddable":true,"href":"https:\/\/www.chliebpreukrajinu.sk\/en\/wp-json\/wp\/v2\/comments?post=7234"}],"version-history":[{"count":2,"href":"https:\/\/www.chliebpreukrajinu.sk\/en\/wp-json\/wp\/v2\/posts\/7234\/revisions"}],"predecessor-version":[{"id":7239,"href":"https:\/\/www.chliebpreukrajinu.sk\/en\/wp-json\/wp\/v2\/posts\/7234\/revisions\/7239"}],"wp:featuredmedia":[{"embeddable":true,"href":"https:\/\/www.chliebpreukrajinu.sk\/en\/wp-json\/wp\/v2\/media\/7235"}],"wp:attachment":[{"href":"https:\/\/www.chliebpreukrajinu.sk\/en\/wp-json\/wp\/v2\/media?parent=7234"}],"wp:term":[{"taxonomy":"category","embeddable":true,"href":"https:\/\/www.chliebpreukrajinu.sk\/en\/wp-json\/wp\/v2\/categories?post=7234"},{"taxonomy":"post_tag","embeddable":true,"href":"https:\/\/www.chliebpreukrajinu.sk\/en\/wp-json\/wp\/v2\/tags?post=7234"}],"curies":[{"name":"wp","href":"https:\/\/api.w.org\/{rel}","templated":true}]}}